{"id":6464,"date":"2025-09-11T17:23:01","date_gmt":"2025-09-11T21:23:01","guid":{"rendered":"https:\/\/www.csiacommunique.com\/?p=6464"},"modified":"2025-09-12T15:30:17","modified_gmt":"2025-09-12T19:30:17","slug":"our-2025-csia-hall-of-fame-inductees","status":"publish","type":"post","link":"https:\/\/www.csiacommunique.com\/fr\/our-2025-csia-hall-of-fame-inductees\/","title":{"rendered":"LES INTRONIS\u00c9\u00b7E\u00b7S AU TEMPLE DE LA RENOMM\u00c9E DE L&rsquo;AMSC 2025"},"content":{"rendered":"\n<p>Le comit\u00e9 Temple de la renomm\u00e9e et de la reconnaissance des membres rend hommage aux membres qui ont apport\u00e9 une contribution significative et durable \u00e0 la croissance et \u00e0 l&rsquo;am\u00e9lioration de l\u2019AMSC en tant qu&rsquo;organisation.<\/p>\n\n\n\n<p>Le Temple de la renomm\u00e9e comprend quatre cat\u00e9gories :<\/p>\n\n\n\n<figure class=\"wp-block-table is-style-regular has-medium-font-size\"><table class=\"has-vivid-red-color has-text-color has-background has-link-color has-fixed-layout\" style=\"background-color:#f8f6f6\"><tbody><tr><td class=\"has-text-align-center\" data-align=\"center\"><strong>FONDATEURS \/FONDATRICES<br>B\u00c2TISSEURS\/ B\u00c2TISSEUSES<br>LEADERS D&rsquo;INSPIRATION<br>COLLABORATEURS SP\u00c9CIAUX \/COLLABORATRICES SP\u00c9CIALES<\/strong><\/td><\/tr><\/tbody><\/table><\/figure>\n\n\n\n<p class=\"has-text-align-left has-vivid-red-color has-text-color has-link-color has-medium-font-size wp-elements-a76dc3bafeec6d93be27d4d47d612fea\"><\/p>\n\n\n\n<p>Le comit\u00e9 du Temple de la renomm\u00e9e et de la reconnaissance des membres est heureux d&rsquo;annoncer les personnes intronis\u00e9es pour 2025.<\/p>\n\n\n\n<div class=\"wp-block-media-text is-stacked-on-mobile is-image-fill-element\" style=\"grid-template-columns:23% auto\"><figure class=\"wp-block-media-text__media\"><img loading=\"lazy\" decoding=\"async\" width=\"768\" height=\"1024\" src=\"https:\/\/www.csiacommunique.com\/wp-content\/uploads\/2025\/09\/Bob-Crook-768x1024.jpg\" alt=\"\" class=\"wp-image-6456 size-full\" style=\"object-position:50% 50%\"\/><\/figure><div class=\"wp-block-media-text__content\">\n<p class=\"has-vivid-red-color has-text-color has-link-color has-medium-font-size wp-elements-3c87afb17434681e0e82e54466404f2a\"><strong>Robert Crook<\/strong> (<strong>\u00e0 titre posthume<\/strong>)<strong>&nbsp;&#8211;<\/strong> <strong>B\u00c2TISSEUR<\/strong><\/p>\n\n\n\n<ul class=\"wp-block-list\">\n<li>B\u00e2tisseur de l&rsquo;industrie<\/li>\n\n\n\n<li>R\u00e9cipiendaire du prix <em>Jimmy Spencer Leadership Award<\/em> d\u00e9cern\u00e9 par le Conseil canadien du ski en 2023<\/li>\n\n\n\n<li>Membre de l\u2019AMSC depuis plus de 50 ans<\/li>\n\n\n\n<li>Moniteur de niveau 4, examinateur de niveau 4 de 1962 \u00e0 1970<\/li>\n\n\n\n<li>Niveau 2 FESC<\/li>\n<\/ul>\n<\/div><\/div>\n\n\n\n<p>Robert (Bob) a fait ses d\u00e9buts sous la supervision de R\u00e9al Charette \u00e0 Gray Rocks \u00e0 la fin des ann\u00e9es 1950, a occup\u00e9 le poste de directeur de l&rsquo;\u00e9cole de ski au Manoir Pinoteau, puis s&rsquo;est install\u00e9 dans des stations de ski plus \u00e9loign\u00e9es, dans l&rsquo;extr\u00eame est du Qu\u00e9bec et au Labrador, o\u00f9 il a pass\u00e9 environ 30 ans &#8211; Smokey Mountain, Trouble Mountain et \u00e0 Sept Iles en tant que directeur de l&rsquo;\u00e9cole de ski. Il s\u2019est ensuite orient\u00e9 vers la gestion de stations de ski dans cette r\u00e9gion, ainsi que dans les stations mentionn\u00e9es ci-dessus et \u00e0 Station le Valinouet, \u00e0 Falardeau au Qu\u00e9bec et \u00e0 Mont \u00c9douard \u00e0 l\u2019Anse Saint-Jean aussi au Qu\u00e9bec.<\/p>\n\n\n\n<p>L&rsquo;expertise de Bob, son d\u00e9sir de d\u00e9velopper ce sport et sa passion pour l\u2019AMSC l&rsquo;ont amen\u00e9 \u00e0 introduire la m\u00e9thodologie d&rsquo;enseignement de l\u2019AMSC et \u00e0 mettre en place des stages de certification dans chacune de ces stations.<\/p>\n\n\n\n<p>Robert \u00e9tait un disciple totalement d\u00e9vou\u00e9 \u00e0 l\u2019AMSC et a maintenu l\u2019organisation au premier plan dans chacune de ces stations de ski, au fur et \u00e0 mesure de leur d\u00e9veloppement.<\/p>\n\n\n\n<p class=\"has-vivid-red-color has-text-color has-link-color has-medium-font-size wp-elements-89c0897f668c445c3bf10f2af1913c91\"><\/p>\n\n\n\n<div class=\"wp-block-media-text is-stacked-on-mobile\" style=\"grid-template-columns:24% auto\"><figure class=\"wp-block-media-text__media\"><img loading=\"lazy\" decoding=\"async\" width=\"791\" height=\"1024\" src=\"https:\/\/www.csiacommunique.com\/wp-content\/uploads\/2025\/09\/Charles-Martin-1-791x1024.jpg\" alt=\"\" class=\"wp-image-6474 size-full\"\/><\/figure><div class=\"wp-block-media-text__content\">\n<p class=\"has-vivid-red-color has-text-color has-link-color has-medium-font-size wp-elements-24771f00a7ca9bc71c87009a68d37d32\"><strong>Charles Martin &#8211; <strong>B\u00c2TISSEUR<\/strong><\/strong><\/p>\n\n\n\n<ul class=\"wp-block-list\">\n<li>Coordonnateur de niveau 1 et coordonnateur du PDP de l\u2019AMSC Atlantique depuis 1977<\/li>\n\n\n\n<li>Coordonnateur de l&rsquo;\u00e9ducation et des programmes (CEP) de l\u2019AMSC en Atlantique depuis la cr\u00e9ation du poste jusqu&rsquo;en 2025.<\/li>\n\n\n\n<li>Membre de l\u2019AMSC depuis plus de 50 ans<\/li>\n\n\n\n<li>Moniteur et formateur de niveau 4<\/li>\n\n\n\n<li>Fervent partisan du comit\u00e9 Le ski au f\u00e9minin, il a veill\u00e9 \u00e0 ce que les \u00e9v\u00e9nements Le ski au f\u00e9minin se d\u00e9roulent dans la r\u00e9gion de l&rsquo;Atlantique.<\/li>\n<\/ul>\n<\/div><\/div>\n\n\n\n<p>Pendant plus de 40 ans, Charles a relev\u00e9 le d\u00e9fi en organisant et en menant \u00e0 bien d&rsquo;innombrables \u00e9v\u00e9nements, journ\u00e9es de d\u00e9veloppement professionnel et stages de certification dans la r\u00e9gion de l&rsquo;Atlantique, qui comprend 4 provinces r\u00e9parties sur 3 fuseaux horaires ainsi que 2 langues officielles. Sa contribution dans la r\u00e9gion est l&rsquo;une des principales raisons du succ\u00e8s et de la croissance de l\u2019AMSC dans la r\u00e9gion de l&rsquo;Atlantique.<\/p>\n\n\n\n<p>Charles a \u00e9t\u00e9 un professionnel du ski enti\u00e8rement d\u00e9vou\u00e9 et passionn\u00e9 qui a profond\u00e9ment renforc\u00e9 la pr\u00e9sence de notre organisation dans la r\u00e9gion Atlantique. Il a r\u00e9cemment pris sa retraite en tant que CEP de la r\u00e9gion Atlantique.<\/p>\n\n\n\n<p class=\"has-vivid-red-color has-text-color has-link-color has-medium-font-size wp-elements-89c0897f668c445c3bf10f2af1913c91\"><\/p>\n\n\n\n<div class=\"wp-block-media-text is-stacked-on-mobile is-image-fill-element\" style=\"grid-template-columns:24% auto\"><figure class=\"wp-block-media-text__media\"><img loading=\"lazy\" decoding=\"async\" width=\"241\" height=\"307\" src=\"https:\/\/www.csiacommunique.com\/wp-content\/uploads\/2025\/09\/Janice-Morgan-2.png\" alt=\"\" class=\"wp-image-6462 size-full\" style=\"object-position:50% 50%\" srcset=\"https:\/\/www.csiacommunique.com\/wp-content\/uploads\/2025\/09\/Janice-Morgan-2.png 241w, https:\/\/www.csiacommunique.com\/wp-content\/uploads\/2025\/09\/Janice-Morgan-2-236x300.png 236w\" sizes=\"auto, (max-width: 241px) 100vw, 241px\" \/><\/figure><div class=\"wp-block-media-text__content\">\n<p class=\"has-vivid-red-color has-text-color has-link-color has-medium-font-size wp-elements-5c26bea4ed8eeedfe8709cae0eb3739c\"><strong>Janice Morgan<\/strong> &#8211; <strong><strong>B\u00c2TISSEU<\/strong>SE<\/strong><\/p>\n\n\n\n<ul class=\"wp-block-list\">\n<li>Formatrice active de l\u2019AMSC<\/li>\n\n\n\n<li>Membre de l\u2019AMSC depuis plus de 40 ans<\/li>\n\n\n\n<li>Monitrice et formatrice de niveau 4<\/li>\n\n\n\n<li>Niveau 2 D\u00e9veloppement FESC\/ACA<\/li>\n\n\n\n<li>Niveau 1 ACMSN<\/li>\n<\/ul>\n<\/div><\/div>\n\n\n\n<p>Membre de l&rsquo;AMSC depuis plus de 40 ans, Janice a contribu\u00e9 \u00e0 l\u2019organisation et \u00e0 l&rsquo;industrie mondiale du ski au plus haut niveau. Titulaire d\u2019une certification de niveau 4 de l\u2019AMSC et de nombreuses autres certifications dans le domaine du ski, sa carri\u00e8re d&rsquo;enseignante et d&rsquo;entra\u00eeneuse s&rsquo;\u00e9tend sur plusieurs continents, notamment au Canada, en Europe et dans l&rsquo;h\u00e9misph\u00e8re sud.<\/p>\n\n\n\n<p>Janice a si\u00e9g\u00e9 au comit\u00e9 technique et au comit\u00e9 sur l\u2019enseignement aux enfants (notamment en tant que pr\u00e9sidente du comit\u00e9 technique de l&rsquo;Ouest) et a organis\u00e9 un camp de d\u00e9veloppement professionnel influent pour les femmes. Membre de l&rsquo;\u00e9quipe Interski 2003 \u00e0 Crans-Montana, Janice a toujours fait preuve de leadership, d&rsquo;innovation et d&rsquo;engagement pour faire progresser le ski alpin et l&rsquo;enseignement du ski.<\/p>\n\n\n\n<p>Tout au long de sa carri\u00e8re, elle a inspir\u00e9 et encadr\u00e9 d&rsquo;innombrables moniteurs et monitrices dans leur qu\u00eate d&rsquo;une certification de l\u2019AMSC, d&rsquo;objectifs de comp\u00e9tition de ski pour les jeunes, et bien plus encore. Sa passion pour le ski se refl\u00e8te non seulement dans son h\u00e9ritage professionnel, mais aussi dans sa famille; l\u2019une de ses filles s\u2019est class\u00e9e parmi les meilleures skieuses de slalom de la Coupe du monde au Canada et une autre sur le point de rejoindre le circuit.<br>&nbsp;<\/p>\n\n\n\n<div class=\"wp-block-media-text is-stacked-on-mobile\" style=\"grid-template-columns:30% auto\"><figure class=\"wp-block-media-text__media\"><img loading=\"lazy\" decoding=\"async\" width=\"962\" height=\"978\" src=\"https:\/\/www.csiacommunique.com\/wp-content\/uploads\/2025\/09\/Screenshot-2025-09-11-131847.jpg\" alt=\"\" class=\"wp-image-6469 size-full\" srcset=\"https:\/\/www.csiacommunique.com\/wp-content\/uploads\/2025\/09\/Screenshot-2025-09-11-131847.jpg 962w, https:\/\/www.csiacommunique.com\/wp-content\/uploads\/2025\/09\/Screenshot-2025-09-11-131847-480x488.jpg 480w\" sizes=\"auto, (min-width: 0px) and (max-width: 480px) 480px, (min-width: 481px) 962px, 100vw\" \/><\/figure><div class=\"wp-block-media-text__content\">\n<p class=\"has-vivid-red-color has-text-color has-link-color has-medium-font-size wp-elements-a520819964ff69c03188949b29bd5645\"><strong>Jim Peever &#8211; <strong><strong>B\u00c2TISSEUR<\/strong><\/strong><\/strong><\/p>\n\n\n\n<p>\u2022 Conseil d&rsquo;administration national \u2013 2013\u20132019<br> -Pr\u00e9sident: 2015 \u2013 2017<br> -Ancien pr\u00e9sident: 2018 \u2013 2019<br>\u2022 Ancien membre du CA et ancien pr\u00e9sident du  comit\u00e9 r\u00e9gional de   l&rsquo;Ontario<br>\u2022 Repr\u00e9sentant de l&rsquo;Ontario au CA national \u2013 2011-2014<br>\u2022 Pr\u00e9sident du comit\u00e9 des anciens pr\u00e9sidents 2022 \u2013 pr\u00e9sent <br>\u2022 Membre de l\u2019AMSC depuis plus de 30 ans<br>\u2022 Moniteur de niveau 4 et formateur de niveau 3<\/p>\n\n\n\n<p><br>&nbsp;<\/p>\n<\/div><\/div>\n\n\n\n<p>Jim est un ancien directeur de l&rsquo;\u00e9cole de ski de Mount Boler, \u00e0 London, en Ontario, et ancien directeur adjoint de la station Devil&rsquo;s Glen. Il continue d&rsquo;exercer ses fonctions de superviseur \u00e0 Devil&rsquo;s Glen et il est formateur au Canada et au Japon.<\/p>\n\n\n\n<p>La capacit\u00e9 de Jim \u00e0 r\u00e9soudre les probl\u00e8mes a \u00e9t\u00e9 l&rsquo;un des principaux atouts de son leadership pendant son mandat au conseil d&rsquo;administration national.<\/p>\n\n\n\n<p>Jim a d\u00e9montr\u00e9 et continue de d\u00e9montrer de grandes qualit\u00e9s de leadership et une passion pour l\u2019AMSC. Il est actuellement pr\u00e9sident du comit\u00e9 des anciens pr\u00e9sidents.<\/p>\n\n\n\n<p><\/p>\n\n\n\n<figure class=\"wp-block-table\"><table class=\"has-background has-fixed-layout\" style=\"background-color:#f8f6f6\"><tbody><tr><td>Le comit\u00e9 du Temple de la renomm\u00e9e tient \u00e0 remercier chaleureusement les quatre personnes intronis\u00e9es pour leur contribution, \u00e0 les f\u00e9liciter et \u00e0 leur souhaiter la bienvenue au Temple de la renomm\u00e9e national de l\u2019AMSC.<br><br>Les intronisations se feront dans le cadre du banquet des galas de l&rsquo;Est et de l&rsquo;Ouest \u00e0 Tremblant le 3 d\u00e9cembre et \u00e0 Banff le 25 novembre, qui auront lieu pendant les camps Journ\u00e9es Pro au d\u00e9but de la saison. <a href=\"https:\/\/csia.snowpro.com\/ServicesServlet\/telechargement\/document\/Tremblant_Lodging_PROMOCODE_prodaycamp25.pdf\" target=\"_blank\" rel=\"noopener\">Cliquez ici<\/a> pour r\u00e9server votre h\u00e9bergement \u00e0 Tremblant. <a href=\"https:\/\/bookings.travelclick.com\/97715?groupID=4628036#\/guestsandrooms\" target=\"_blank\" rel=\"noopener\">Cliquez ici<\/a> pour r\u00e9server votre h\u00e9bergement \u00e0 Banff.<br><br>Continuez de nous suivre pour les d\u00e9tails entourant le processus des candidatures pour 2026.<br><br>Cordialement,<br><strong>Le comit\u00e9 du Temple de la renomm\u00e9e et de la reconnaissance des membres<\/strong> : Mike DesBrisay (pr\u00e9sident), Norman Kreutz, Heather Robertson, Lynn Warll, Kathy Prophet, Martin Jean<\/td><\/tr><\/tbody><\/table><\/figure>\n\n\n\n<hr class=\"wp-block-separator has-alpha-channel-opacity\"\/>\n","protected":false},"excerpt":{"rendered":"<p>D\u00e9couvrez les personnes intronis\u00e9es au Temple de la renomm\u00e9e 2025!<\/p>\n","protected":false},"author":1,"featured_media":4649,"comment_status":"closed","ping_status":"open","sticky":false,"template":"","format":"standard","meta":{"_et_pb_use_builder":"","_et_pb_old_content":"","_et_gb_content_width":"","footnotes":""},"categories":[46],"tags":[],"class_list":["post-6464","post","type-post","status-publish","format-standard","has-post-thumbnail","hentry","category-pleins-feux-sur-lamsc"],"_links":{"self":[{"href":"https:\/\/www.csiacommunique.com\/fr\/wp-json\/wp\/v2\/posts\/6464","targetHints":{"allow":["GET"]}}],"collection":[{"href":"https:\/\/www.csiacommunique.com\/fr\/wp-json\/wp\/v2\/posts"}],"about":[{"href":"https:\/\/www.csiacommunique.com\/fr\/wp-json\/wp\/v2\/types\/post"}],"author":[{"embeddable":true,"href":"https:\/\/www.csiacommunique.com\/fr\/wp-json\/wp\/v2\/users\/1"}],"replies":[{"embeddable":true,"href":"https:\/\/www.csiacommunique.com\/fr\/wp-json\/wp\/v2\/comments?post=6464"}],"version-history":[{"count":23,"href":"https:\/\/www.csiacommunique.com\/fr\/wp-json\/wp\/v2\/posts\/6464\/revisions"}],"predecessor-version":[{"id":6685,"href":"https:\/\/www.csiacommunique.com\/fr\/wp-json\/wp\/v2\/posts\/6464\/revisions\/6685"}],"wp:featuredmedia":[{"embeddable":true,"href":"https:\/\/www.csiacommunique.com\/fr\/wp-json\/wp\/v2\/media\/4649"}],"wp:attachment":[{"href":"https:\/\/www.csiacommunique.com\/fr\/wp-json\/wp\/v2\/media?parent=6464"}],"wp:term":[{"taxonomy":"category","embeddable":true,"href":"https:\/\/www.csiacommunique.com\/fr\/wp-json\/wp\/v2\/categories?post=6464"},{"taxonomy":"post_tag","embeddable":true,"href":"https:\/\/www.csiacommunique.com\/fr\/wp-json\/wp\/v2\/tags?post=6464"}],"curies":[{"name":"wp","href":"https:\/\/api.w.org\/{rel}","templated":true}]}}